{"id":17951,"date":"2026-04-26T11:46:09","date_gmt":"2026-04-26T10:46:09","guid":{"rendered":"https:\/\/femsantandreu.cat\/?p=17951"},"modified":"2026-04-26T12:14:42","modified_gmt":"2026-04-26T11:14:42","slug":"butlleti-informatiu-abril-2026","status":"publish","type":"post","link":"https:\/\/femsantandreu.cat\/index.php\/2026\/04\/26\/butlleti-informatiu-abril-2026\/","title":{"rendered":"Butllet\u00ed Informatiu Abril 2026"},"content":{"rendered":"\n<!DOCTYPE html>\n<html lang=\"ca\">\n<head>\n<meta charset=\"UTF-8\">\n<meta name=\"viewport\" content=\"width=device-width, initial-scale=1.0\">\n<title>Butllet\u00ed Interactiu &#8211; FEM Sant Andreu<\/title>\n<\/head>\n<body>\n\n<!-- ============================================================\n     BLOC HTML PER ENGANXAR A WORDPRESS (Custom HTML block)\n     INSTRUCCIONS: Substitueix tots els textos URL_XXX\n     per les URLs reals de les imatges pujades a WordPress\n     ============================================================ -->\n\n<style>\n.fem-revista *, .fem-revista *::before, .fem-revista *::after {\n  box-sizing: border-box;\n  margin: 0;\n  padding: 0;\n}\n.fem-revista {\n  font-family: -apple-system, BlinkMacSystemFont, 'Segoe UI', Arial, sans-serif;\n  color: #272727;\n  max-width: 680px;\n  margin: 0 auto;\n  line-height: 1.5;\n}\n\n\/* ---- PORTADA ---- *\/\n.fem-portada-img {\n  width: 100%;\n  display: block;\n  border: 2px solid #F7941D;\n}\n.fem-main-titular {\n  background: white;\n  padding: 14px 16px;\n  border-left: 2px solid #F7941D;\n  border-right: 2px solid #F7941D;\n  border-bottom: 3px solid #F7941D;\n}\n.fem-main-titular h2 {\n  font-size: 1.25em;\n  font-weight: 900;\n  text-transform: uppercase;\n  line-height: 1.2;\n}\n.fem-main-titular h2 .fem-taronja { color: #F7941D; }\n\n.fem-descobreix {\n  padding: 14px 16px;\n  background: #f5f5f5;\n  border: 2px solid #F7941D;\n  border-top: none;\n}\n.fem-descobreix-label {\n  font-size: 0.7em;\n  font-weight: 700;\n  color: #595959;\n  letter-spacing: 2px;\n  text-transform: uppercase;\n  margin-bottom: 10px;\n}\n.fem-titulars-grid {\n  display: grid;\n  grid-template-columns: 1fr 1fr;\n  gap: 8px;\n}\n@media (max-width: 480px) {\n  .fem-titulars-grid { grid-template-columns: 1fr; }\n}\n.fem-titular-btn {\n  background: white;\n  border: 2px solid #F7941D;\n  padding: 10px 12px;\n  text-align: left;\n  cursor: pointer;\n  font-size: 0.72em;\n  font-weight: 800;\n  text-transform: uppercase;\n  line-height: 1.4;\n  color: #272727;\n  transition: background 0.2s, color 0.2s;\n  width: 100%;\n}\n.fem-titular-btn .fem-taronja { color: #F7941D; display: block; }\n.fem-titular-btn:hover,\n.fem-titular-btn.actiu {\n  background: #F7941D;\n  color: white;\n}\n.fem-titular-btn:hover .fem-taronja,\n.fem-titular-btn.actiu .fem-taronja { color: white; }\n\n\/* ---- PANELS ---- *\/\n.fem-panel {\n  display: none;\n  background: white;\n  border: 2px solid #F7941D;\n  border-top: 4px solid #F7941D;\n  padding: 20px 16px 16px;\n  margin-top: 4px;\n}\n.fem-panel.visible { display: block; }\n\n.fem-panel-header {\n  display: flex;\n  justify-content: space-between;\n  align-items: flex-start;\n  margin-bottom: 18px;\n}\n.fem-panel-title {\n  font-size: 0.75em;\n  font-weight: 900;\n  text-transform: uppercase;\n  color: #F7941D;\n  letter-spacing: 1px;\n  flex: 1;\n}\n.fem-panel-close {\n  background: none;\n  border: none;\n  font-size: 1.4em;\n  cursor: pointer;\n  color: #595959;\n  line-height: 1;\n  margin-left: 8px;\n  padding: 0;\n}\n.fem-panel-close:hover { color: #272727; }\n\n\/* ---- ARTICLES ---- *\/\n.fem-article {\n  margin-bottom: 28px;\n  padding-bottom: 28px;\n  border-bottom: 1px solid #eee;\n}\n.fem-article:last-child {\n  border-bottom: none;\n  margin-bottom: 0;\n  padding-bottom: 0;\n}\n.fem-article h3 {\n  font-size: 0.95em;\n  font-weight: 900;\n  text-transform: uppercase;\n  line-height: 1.3;\n  margin-bottom: 10px;\n}\n.fem-article h3 .fem-taronja { color: #F7941D; }\n.fem-article-text {\n  font-size: 0.87em;\n  line-height: 1.65;\n  color: #272727;\n}\n.fem-article-text p { margin-bottom: 7px; }\n.fem-article-text p:last-child { margin-bottom: 0; }\n\n\/* Fotos articles *\/\n.fem-fotos {\n  display: grid;\n  gap: 5px;\n  margin-bottom: 12px;\n}\n.fem-fotos.f1 { grid-template-columns: 1fr; }\n.fem-fotos.f2 { grid-template-columns: 1fr 1fr; }\n.fem-fotos.f3 { grid-template-columns: 1fr 1fr 1fr; }\n.fem-fotos.f4,\n.fem-fotos.f6 { grid-template-columns: 1fr 1fr; }\n.fem-fotos img {\n  width: 100%;\n  height: auto;\n  display: block;\n  cursor: pointer;\n  transition: opacity 0.15s;\n}\n.fem-fotos img:hover { opacity: 0.85; }\n@media (max-width: 480px) {\n  .fem-fotos img {\n    height: 130px;\n    object-fit: cover;\n  }\n  .fem-fotos.f1 img { height: 210px; }\n}\n\n\/* ---- LIGHTBOX ---- *\/\n.fem-lightbox {\n  display: none;\n  position: fixed;\n  inset: 0;\n  background: rgba(0,0,0,0.92);\n  z-index: 99999;\n  align-items: center;\n  justify-content: center;\n  cursor: pointer;\n}\n.fem-lightbox.visible { display: flex; }\n.fem-lightbox img {\n  max-width: 96vw;\n  max-height: 92vh;\n  object-fit: contain;\n  cursor: default;\n}\n.fem-lb-close {\n  position: absolute;\n  top: 14px;\n  right: 18px;\n  color: white;\n  font-size: 2.2em;\n  cursor: pointer;\n  background: none;\n  border: none;\n  line-height: 1;\n}\n\n\/* ---- FESTA ---- *\/\n.fem-festa {\n  margin-top: 32px;\n  border: 3px solid #F7941D;\n  overflow: hidden;\n}\n.fem-festa-cap {\n  background: #F7941D;\n  padding: 22px 16px;\n  text-align: center;\n}\n.fem-festa-cap h2 {\n  font-size: 2em;\n  font-weight: 900;\n  color: white;\n  text-transform: uppercase;\n  line-height: 1.1;\n}\n.fem-festa-cap h2 span { color: #272727; }\n\n.fem-festa-fotos {\n  display: grid;\n  grid-template-columns: 3fr 2fr;\n  grid-template-rows: 150px 150px;\n  gap: 3px;\n}\n.fem-festa-fotos img {\n  width: 100%;\n  height: 100%;\n  object-fit: cover;\n  display: block;\n  cursor: pointer;\n}\n.fem-festa-fotos img:first-child {\n  grid-row: 1 \/ -1;\n}\n.fem-festa-fotos img:hover { opacity: 0.9; }\n@media (max-width: 480px) {\n  .fem-festa-fotos {\n    grid-template-columns: 1fr 1fr;\n    grid-template-rows: auto auto;\n    height: auto;\n  }\n  .fem-festa-fotos img { height: 130px; }\n  .fem-festa-fotos img:first-child {\n    grid-column: 1 \/ -1;\n    grid-row: auto;\n    height: 200px;\n  }\n}\n\n.fem-festa-cos {\n  padding: 0 16px 20px;\n}\n.fem-festa-data {\n  text-align: center;\n  margin-bottom: 14px;\n  background: #272727;\n  padding: 20px 16px;\n  margin-left: -16px;\n  margin-right: -16px;\n}\n.fem-festa-data h3 {\n  font-size: 2em;\n  font-weight: 900;\n  text-transform: uppercase;\n  color: white;\n  letter-spacing: 1px;\n}\n.fem-festa-data .fem-lloc {\n  font-size: 1.3em;\n  font-weight: 900;\n  color: #F7941D;\n  text-transform: uppercase;\n}\n.fem-festa-subtitol {\n  text-align: center;\n  font-size: 0.9em;\n  color: #595959;\n  margin-bottom: 16px;\n}\n.fem-festa-programa {\n  list-style: none;\n  margin-bottom: 18px;\n}\n.fem-festa-programa li {\n  padding: 6px 0 6px 22px;\n  font-size: 0.9em;\n  position: relative;\n  border-bottom: 1px solid #f0f0f0;\n}\n.fem-festa-programa li:last-child { border-bottom: none; }\n.fem-festa-programa li::before {\n  content: \"\u25cf\";\n  color: #F7941D;\n  position: absolute;\n  left: 0;\n  font-size: 0.8em;\n  top: 8px;\n}\n.fem-festa-tel {\n  text-align: center;\n  font-size: 0.88em;\n  color: #595959;\n  margin-bottom: 14px;\n}\n.fem-festa-tel strong { color: #272727; }\n.fem-festa-peu {\n  background: #272727;\n  padding: 20px 16px;\n  display: flex;\n  flex-direction: column;\n  gap: 10px;\n}\n.fem-btn-cta {\n  display: block;\n  background: #F7941D;\n  color: white;\n  text-align: center;\n  padding: 14px 16px;\n  font-weight: 800;\n  font-size: 0.88em;\n  text-decoration: none;\n  text-transform: uppercase;\n  letter-spacing: 0.5px;\n  line-height: 1.3;\n  border-radius: 3px;\n  border: 2px solid #F7941D;\n  transition: background 0.2s, color 0.2s;\n}\n.fem-btn-cta:hover { background: transparent; color: #F7941D; }\n.fem-btn-cta.secundari {\n  background: transparent;\n  border: 2px solid #F7941D;\n  color: #F7941D;\n}\n.fem-btn-cta.secundari:hover { background: #F7941D; color: white; }\n<\/style>\n\n<div class=\"fem-revista\">\n\n  <!-- ======= PORTADA ======= -->\n  <img decoding=\"async\" class=\"fem-portada-img\"\n       src=\"https:\/\/femsantandreu.cat\/wp-content\/uploads\/2026\/04\/fem-butlleti-abril-2026.jpg\"\n       alt=\"Butllet\u00ed Informatiu Abril 2026 - FEM Sant Andreu\">\n\n  <div class=\"fem-main-titular\">\n    <h2>\n      <span class=\"fem-taronja\">FEM<\/span> NOUS PARCS INFANTILS<br>\n      <span class=\"fem-taronja\">FEM<\/span> LA CIUTAT DE LA INF\u00c0NCIA\n    <\/h2>\n  <\/div>\n\n  <div class=\"fem-descobreix\">\n    <div class=\"fem-descobreix-label\">Descobreix com:<\/div>\n    <div class=\"fem-titulars-grid\">\n      <button class=\"fem-titular-btn\" onclick=\"femToggle('parcs',this)\">\n        <span class=\"fem-taronja\">POSEM ELS DINERS<\/span>AL CARRER\n      <\/button>\n      <button class=\"fem-titular-btn\" onclick=\"femToggle('equip',this)\">\n        <span class=\"fem-taronja\">RENOVEM EQUIPAMENTS<\/span>I INSTAL\u00b7LACIONS\n      <\/button>\n      <button class=\"fem-titular-btn\" onclick=\"femToggle('mant',this)\">\n        <span class=\"fem-taronja\">REFORCEM EL MANTENIMENT<\/span>DE LES VORERES\n      <\/button>\n      <button class=\"fem-titular-btn\" onclick=\"femToggle('seg',this)\">\n        <span class=\"fem-taronja\">MANTENIM LA SEGURETAT<\/span>DE LA CIUTAT\n      <\/button>\n    <\/div>\n  <\/div>\n\n\n  <!-- ======= PANEL 1: POSEM ELS DINERS AL CARRER ======= -->\n  <div id=\"fem-parcs\" class=\"fem-panel\">\n    <div class=\"fem-panel-header\">\n      <div class=\"fem-panel-title\">Posem els diners al carrer<\/div>\n      <button class=\"fem-panel-close\" onclick=\"femTancar('parcs')\">\u2715<\/button>\n    <\/div>\n\n    <div class=\"fem-article\">\n      <div class=\"fem-fotos f6\">\n        <img decoding=\"async\" src=\"https:\/\/femsantandreu.cat\/wp-content\/uploads\/2026\/04\/fem-parcs-infantils-02.jpg\" alt=\"Parc infantil 1\" onclick=\"femLb(this)\">\n        <img decoding=\"async\" src=\"https:\/\/femsantandreu.cat\/wp-content\/uploads\/2026\/04\/fem-parcs-infantils-03.jpg\" alt=\"Parc infantil 2\" onclick=\"femLb(this)\">\n        <img decoding=\"async\" src=\"https:\/\/femsantandreu.cat\/wp-content\/uploads\/2026\/04\/fem-parcs-infantils-06.jpg\" alt=\"Parc infantil 3\" onclick=\"femLb(this)\">\n        <img decoding=\"async\" src=\"https:\/\/femsantandreu.cat\/wp-content\/uploads\/2026\/04\/fem-parcs-infantils-05.jpg\" alt=\"Parc infantil 4\" onclick=\"femLb(this)\">\n        <img decoding=\"async\" src=\"https:\/\/femsantandreu.cat\/wp-content\/uploads\/2026\/04\/fem-parcs-infantils-04.jpg\" alt=\"Parc infantil 5\" onclick=\"femLb(this)\">\n        <img decoding=\"async\" src=\"https:\/\/femsantandreu.cat\/wp-content\/uploads\/2026\/04\/fem-parcs-infantils-01.jpg\" alt=\"Parc infantil 6\" onclick=\"femLb(this)\">\n      <\/div>\n      <h3>\n        <span class=\"fem-taronja\">Renovem 14 parcs infantils<\/span>\n        per renovar la il\u00b7lusi\u00f3 d&#8217;infants i fam\u00edlies\n      <\/h3>\n      <div class=\"fem-article-text\">\n        <p>L&#8217;Ajuntament impulsa la renovaci\u00f3 de 14 parcs infantils per millorar la qualitat dels espais de joc i recuperar la il\u00b7lusi\u00f3 d&#8217;infants i fam\u00edlies.<\/p>\n        <p>Aquest hivern s&#8217;han executat 5 actuacions en diferents barris, per un valor de 128.000\u20ac: el Parc de Can Preses, el Parc de l&#8217;avinguda del Bosc, el Parc del carrer Verge del Carme, la Pla\u00e7a de la Font de la Roda i la Pla\u00e7a Petita del Palau.<\/p>\n        <p>Aquest estiu se&#8217;n renovaran 5 m\u00e9s en punts com el Parc Salvador Dal\u00ed, els Jardins Montserrat Roig, el Parc de la Pla\u00e7a 11 de Setembre, el Parc Salvador Allende i el Parc de l&#8217;Estaci\u00f3.<\/p>\n        <p>El pla es completar\u00e0 abans de final d&#8217;any amb 4 intervencions addicionals: Pla\u00e7a de la Pau, Pla\u00e7a Catalunya, Pla\u00e7a del Baix Llobregat i Pla\u00e7a Federico Garc\u00eda Lorca. El projecte compta amb el suport de la Diputaci\u00f3 de Barcelona.<\/p>\n      <\/div>\n    <\/div>\n  <\/div>\n\n\n  <!-- ======= PANEL 2: RENOVEM EQUIPAMENTS ======= -->\n  <div id=\"fem-equip\" class=\"fem-panel\">\n    <div class=\"fem-panel-header\">\n      <div class=\"fem-panel-title\">Renovem equipaments i instal\u00b7lacions<\/div>\n      <button class=\"fem-panel-close\" onclick=\"femTancar('equip')\">\u2715<\/button>\n    <\/div>\n\n    <!-- Marquesines -->\n    <div class=\"fem-article\">\n      <div class=\"fem-fotos f1\">\n        <img decoding=\"async\" src=\"https:\/\/femsantandreu.cat\/wp-content\/uploads\/2026\/04\/fem-marquesines-bus.jpg\" alt=\"Nova marquesina d'autob\u00fas\" onclick=\"femLb(this)\">\n      <\/div>\n      <h3>\n        <span class=\"fem-taronja\">Sis noves marquesines d&#8217;autob\u00fas<\/span>\n        per dignificar el transport p\u00fablic\n      <\/h3>\n      <div class=\"fem-article-text\">\n        <p>La ciutat ja disposa de 6 noves marquesines d&#8217;autob\u00fas a la carretera de Barcelona, una renovaci\u00f3 necess\u00e0ria per posar la ciutat a l&#8217;al\u00e7ada de la resta de ciutats metropolitanes. El nou model \u00e9s m\u00e9s modern, accessible i segur, amb protecci\u00f3 davant el sol i la pluja, il\u00b7luminaci\u00f3 LED i informaci\u00f3 actualitzada del servei.<\/p>\n        <p>El projecte continuar\u00e0 el 2026 amb la instal\u00b7laci\u00f3 de 6 marquesines m\u00e9s a la zona de l&#8217;Avinguda Constituci\u00f3, dins l&#8217;acord amb l&#8217;\u00c0rea Metropolitana de Barcelona i sense cost per a l&#8217;Ajuntament.<\/p>\n      <\/div>\n    <\/div>\n\n    <!-- Cruyff Court -->\n    <div class=\"fem-article\">\n      <div class=\"fem-fotos f2\">\n        <img decoding=\"async\" src=\"https:\/\/femsantandreu.cat\/wp-content\/uploads\/2026\/04\/fem-cruyff-court-palau-02.jpg\" alt=\"Pista Cruyff Court\" onclick=\"femLb(this)\">\n        <img decoding=\"async\" src=\"https:\/\/femsantandreu.cat\/wp-content\/uploads\/2026\/04\/fem-cruyff-court-palau-01.jpg\" alt=\"Pista Cruyff Court inauguraci\u00f3\" onclick=\"femLb(this)\">\n      <\/div>\n      <h3>\n        <span class=\"fem-taronja\">Sant Andreu ja compta amb una pista Cruyff Court<\/span>\n        al barri del Palau\n      <\/h3>\n      <div class=\"fem-article-text\">\n        <p>La nova pista Cruyff Court neix amb la voluntat de fomentar l&#8217;esport, els h\u00e0bits saludables i els valors entre els infants i joves. La pista formar\u00e0 part del projecte social de la Fundaci\u00f3 Cruyff per crear espais esportius de qualitat en entorns urbans, amb l&#8217;objectiu de promoure la inclusi\u00f3, el progr\u00e9s social i el desenvolupament personal a trav\u00e9s de l&#8217;esport.<\/p>\n        <p>La pista t\u00e9 un horari de 9h del mat\u00ed a 21h del vespre i un \u00fas prioritari per a joves menors de 16 anys. Les obres de construcci\u00f3 han tingut un import de 150.000\u20ac finan\u00e7ades \u00edntegrament per la Diputaci\u00f3 de Barcelona.<\/p>\n      <\/div>\n    <\/div>\n\n    <!-- Petanca -->\n    <div class=\"fem-article\">\n      <div class=\"fem-fotos f1\">\n        <img decoding=\"async\" src=\"https:\/\/femsantandreu.cat\/wp-content\/uploads\/2026\/04\/fem-piestes-petanca.jpg\" alt=\"Pistes de petanca\" onclick=\"femLb(this)\">\n      <\/div>\n      <h3>\n        <span class=\"fem-taronja\">Gaudirem de 16 noves pistes de petanca<\/span>\n      <\/h3>\n      <div class=\"fem-article-text\">\n        <p>Aquest estiu comen\u00e7aran les obres de les noves pistes de petanca al Pol\u00edgon de la Clota. El projecte inclou 16 pistes reglament\u00e0ries, duplicant les actuals, i ha estat treballat conjuntament amb el Club de Petanca.<\/p>\n        <p>A m\u00e9s, es crearan espais socials, magatzems i lavabos, millorant notablement la qualitat de les instal\u00b7lacions i donant resposta a una reivindicaci\u00f3 hist\u00f2rica.<\/p>\n      <\/div>\n    <\/div>\n\n    <!-- La Quimeta -->\n    <div class=\"fem-article\">\n      <div class=\"fem-fotos f1\">\n        <img decoding=\"async\" src=\"https:\/\/femsantandreu.cat\/wp-content\/uploads\/2026\/04\/fem-escola-bressol-quimeta-2.jpg\" alt=\"Escola bressol La Quimeta\" onclick=\"femLb(this)\">\n      <\/div>\n      <h3>\n        <span class=\"fem-taronja\">Comencen les obres de l&#8217;escola bressol del segle XXI:<\/span>\n        &#8220;La Quimeta&#8221;\n      <\/h3>\n      <div class=\"fem-article-text\">\n        <p>Ja s&#8217;han iniciat les obres de la nova escola bressol &#8220;La Quimeta&#8221;, amb una inversi\u00f3 de 3,3 M\u20ac al barri de la Plana. El centre permetr\u00e0 crear 50 noves places p\u00fabliques per a infants de 0 a 3 anys, ampliant fins a 240 l&#8217;oferta municipal.<\/p>\n        <p>Aquest projecte refor\u00e7a l&#8217;aposta per l&#8217;educaci\u00f3 p\u00fablica i el suport a les fam\u00edlies.<\/p>\n      <\/div>\n    <\/div>\n\n    <!-- Incendis forestals -->\n    <div class=\"fem-article\">\n      <div class=\"fem-fotos f1\">\n        <img decoding=\"async\" src=\"https:\/\/femsantandreu.cat\/wp-content\/uploads\/2026\/04\/fem-prevencio-incendis-forestals.jpg\" alt=\"Prevenci\u00f3 incendis forestals\" onclick=\"femLb(this)\">\n      <\/div>\n      <h3>\n        <span class=\"fem-taronja\">Sant Andreu de la Barca, m\u00e9s preparat per afrontar<\/span>\n        els incendis forestals\n      <\/h3>\n      <div class=\"fem-article-text\">\n        <p>Sant Andreu de la Barca disposa des d&#8217;aquest 2026 d&#8217;un Pla Municipal de Prevenci\u00f3 d&#8217;Incendis Forestals. El pla preveu 42 actuacions al llarg dels propers 5 anys, especialment en zones properes a habitatges, per reduir riscos i protegir tant l&#8217;entorn natural com el nucli urb\u00e0.<\/p>\n      <\/div>\n    <\/div>\n\n    <!-- Biblioteca -->\n    <div class=\"fem-article\">\n      <div class=\"fem-fotos f2\">\n        <img decoding=\"async\" src=\"https:\/\/femsantandreu.cat\/wp-content\/uploads\/2026\/04\/fem-biblioteca-aiguestoses-02.jpg\" alt=\"Biblioteca Aig\u00fcestoses - zona infantil\" onclick=\"femLb(this)\">\n        <img decoding=\"async\" src=\"https:\/\/femsantandreu.cat\/wp-content\/uploads\/2026\/04\/fem-biblioteca-aiguestoses-01.jpg\" alt=\"Biblioteca Aig\u00fcestoses - sala de lectura\" onclick=\"femLb(this)\">\n      <\/div>\n      <h3>\n        <span class=\"fem-taronja\">La Biblioteca Aig\u00fcestoses<\/span>\n        viur\u00e0 una reforma integral\n      <\/h3>\n      <div class=\"fem-article-text\">\n        <p>El projecte aprovat compta amb un pressupost d&#8217;1 M\u20ac i transformar\u00e0 la Biblioteca en un espai del segle XXI, m\u00e9s acollidor i modern. Destaca la creaci\u00f3 d&#8217;una nova sala d&#8217;estudi a la planta baixa, aix\u00ed com un espai polivalent per a presentacions de llibres, xerrades i exposicions.<\/p>\n        <p>A la primera planta, es donar\u00e0 \u00fas al balc\u00f3 de l&#8217;edifici per crear-hi una terrassa, i es renovar\u00e0 i s&#8217;ampliar\u00e0 l&#8217;espai infantil.<\/p>\n      <\/div>\n    <\/div>\n  <\/div>\n\n\n  <!-- ======= PANEL 3: REFORCEM EL MANTENIMENT ======= -->\n  <div id=\"fem-mant\" class=\"fem-panel\">\n    <div class=\"fem-panel-header\">\n      <div class=\"fem-panel-title\">Reforcem el manteniment de les voreres<\/div>\n      <button class=\"fem-panel-close\" onclick=\"femTancar('mant')\">\u2715<\/button>\n    <\/div>\n\n    <!-- Via p\u00fablica -->\n    <div class=\"fem-article\">\n      <div class=\"fem-fotos f1\">\n        <img decoding=\"async\" src=\"https:\/\/femsantandreu.cat\/wp-content\/uploads\/2026\/04\/fem-reparacions-via-publica.jpg\" alt=\"Reparacions via p\u00fablica\" onclick=\"femLb(this)\">\n      <\/div>\n      <h3>\n        <span class=\"fem-taronja\">Augmenten les reparacions<\/span>\n        a la via p\u00fablica\n      <\/h3>\n      <div class=\"fem-article-text\">\n        <p>Gr\u00e0cies a la posada en marxa del servei APUNT s&#8217;han multiplicat les reparacions de voreres i s&#8217;han arreglat espais com el p\u00e0rquing del carrer Anoia, la pla\u00e7a de la Font de la Roda, la pla\u00e7a Anselm Clav\u00e9, una de les rotondes d&#8217;entrada del municipi o punts de la carretera de Barcelona i el carrer Francesc Maci\u00e0.<\/p>\n      <\/div>\n    <\/div>\n\n    <!-- Minideixalleries -->\n    <div class=\"fem-article\">\n      <div class=\"fem-fotos f1\">\n        <img decoding=\"async\" src=\"https:\/\/femsantandreu.cat\/wp-content\/uploads\/2026\/04\/fem-minideixalleria-reciclatge.jpg\" alt=\"Minideixalleria\" onclick=\"femLb(this)\">\n      <\/div>\n      <h3>\n        <span class=\"fem-taronja\">Les noves minideixalleries recullen m\u00e9s de 350 kg<\/span>\n        de residus especials\n      <\/h3>\n      <div class=\"fem-article-text\">\n        <p>Les minideixalleries continuen consolidant-se com un servei clau per fomentar el reciclatge. Ja s&#8217;han recollit m\u00e9s de 350 kg de residus especials i hi ha 16.700 unitats, facilitant una gesti\u00f3 m\u00e9s responsable i sostenible dels residus quotidians.<\/p>\n      <\/div>\n    <\/div>\n\n    <!-- Poliesportiu -->\n    <div class=\"fem-article\">\n      <div class=\"fem-fotos f1\">\n        <img decoding=\"async\" src=\"https:\/\/femsantandreu.cat\/wp-content\/uploads\/2026\/04\/fem-poliesportiu-piscina-2.jpg\" alt=\"Piscina municipal\" onclick=\"femLb(this)\">\n      <\/div>\n      <h3>\n        <span class=\"fem-taronja\">Posem al dia el Poliesportiu de l&#8217;11 i les piscines:<\/span>\n        inversi\u00f3 de 600.000\u20ac\n      <\/h3>\n      <div class=\"fem-article-text\">\n        <p>L&#8217;Ajuntament ha aconseguit 600.000\u20ac per millorar equipaments esportius municipals. Les actuacions inclouen la reparaci\u00f3 de la piscina de Can Salv\u00ed i millores al pavell\u00f3 del Complex L&#8217;11, amb finan\u00e7ament que cobreix prop del 70% del cost. Aquestes inversions permeten modernitzar les instal\u00b7lacions i millorar-ne l&#8217;\u00fas.<\/p>\n      <\/div>\n    <\/div>\n\n    <!-- Teatre N\u00faria Espert -->\n    <div class=\"fem-article\">\n      <div class=\"fem-fotos f1\">\n        <img decoding=\"async\" src=\"https:\/\/femsantandreu.cat\/wp-content\/uploads\/2026\/04\/fem-teatre-nuria-espert.jpg\" alt=\"Teatre N\u00faria Espert\" onclick=\"femLb(this)\">\n      <\/div>\n      <h3>\n        <span class=\"fem-taronja\">M\u00e9s manteniment: inversi\u00f3 de 90.000\u20ac<\/span>\n        en la millora del Teatre N\u00faria Espert\n      <\/h3>\n      <div class=\"fem-article-text\">\n        <p>Es destinen 90.000\u20ac a la millora del Teatre N\u00faria Espert per modernitzar l&#8217;espai i garantir m\u00e9s seguretat i confort. Les actuacions inclouen millores t\u00e8cniques a l&#8217;escenari, renovaci\u00f3 d&#8217;equipaments, il\u00b7luminaci\u00f3, ac\u00fastica i climatitzaci\u00f3, aix\u00ed com l&#8217;adequaci\u00f3 d&#8217;espais per al p\u00fablic i els professionals.<\/p>\n        <p>S&#8217;adquirir\u00e0 un fanal Cl\u00e0mova per a usos art\u00edstics i es dotar\u00e0 el Teatre de microfonia sense cables i megafonia. El projecte inclou tamb\u00e9 la millora del sistema de calefacci\u00f3 i la jardineria exterior i interior.<\/p>\n      <\/div>\n    <\/div>\n\n    <!-- Assemblees de barri -->\n    <div class=\"fem-article\">\n      <div class=\"fem-fotos f1\">\n        <img decoding=\"async\" src=\"https:\/\/femsantandreu.cat\/wp-content\/uploads\/2026\/04\/fem-oficina-alcalde-carrer.jpg\" alt=\"Oficina de l'Alcalde al carrer\" onclick=\"femLb(this)\">\n      <\/div>\n      <h3>\n        <span class=\"fem-taronja\">Escoltem la ciutadania amb les assemblees de barri<\/span>\n        i l&#8217;Oficina de l&#8217;Alcalde al carrer\n      <\/h3>\n      <div class=\"fem-article-text\">\n        <p>El mes de maig tornen les Assemblees de Barri i l&#8217;Oficina de l&#8217;Alcalde al carrer, espais pensats per escoltar i atendre directament la ciutadania. En l&#8217;\u00faltima edici\u00f3 van participar m\u00e9s de 500 persones a les assemblees i m\u00e9s d&#8217;un centenar a l&#8217;oficina, consolidant aquestes iniciatives com a eines de proximitat, di\u00e0leg i recollida de propostes.<\/p>\n      <\/div>\n    <\/div>\n  <\/div>\n\n\n  <!-- ======= PANEL 4: MANTENIM LA SEGURETAT ======= -->\n  <div id=\"fem-seg\" class=\"fem-panel\">\n    <div class=\"fem-panel-header\">\n      <div class=\"fem-panel-title\">Mantenim la seguretat de la ciutat<\/div>\n      <button class=\"fem-panel-close\" onclick=\"femTancar('seg')\">\u2715<\/button>\n    <\/div>\n\n    <div class=\"fem-article\">\n      <div class=\"fem-fotos f1\">\n        <img decoding=\"async\" src=\"https:\/\/femsantandreu.cat\/wp-content\/uploads\/2026\/04\/fem-anella-seguretat-politia-local.jpg\" alt=\"Anella de Seguretat - Policia Local\" onclick=\"femLb(this)\">\n      <\/div>\n      <h3>\n        <span class=\"fem-taronja\">La nova Anella de Seguretat<\/span>\n        protegeix les cases i les empreses\n      <\/h3>\n      <div class=\"fem-article-text\">\n        <p>La nova Anella de Seguretat refor\u00e7a la protecci\u00f3 de la ciutat amb la instal\u00b7laci\u00f3 de 77 c\u00e0meres als accessos. El sistema incorpora tecnologia avan\u00e7ada capa\u00e7 de detectar vehicles robats o amb requeriments judicials i enviar alertes immediates a la Policia Local, millorant la capacitat de resposta i la seguretat ciutadana.<\/p>\n      <\/div>\n    <\/div>\n  <\/div>\n\n\n  <!-- ======= LIGHTBOX ======= -->\n  <div id=\"fem-lightbox\" class=\"fem-lightbox\" onclick=\"femLbTancar()\">\n    <button class=\"fem-lb-close\" onclick=\"femLbTancar()\">\u2715<\/button>\n    <img decoding=\"async\" id=\"fem-lb-img\" src=\"\" alt=\"\" onclick=\"event.stopPropagation()\">\n  <\/div>\n\n\n  <!-- ======= FESTA DEL CANVI ======= -->\n  <div class=\"fem-festa\">\n    <div class=\"fem-festa-cap\">\n      <h2>FESTA <span>DEL CANVI<\/span><br>AMB FEM SANT ANDREU<\/h2>\n    <\/div>\n\n    <div class=\"fem-festa-fotos\">\n      <img decoding=\"async\" src=\"https:\/\/femsantandreu.cat\/wp-content\/uploads\/2026\/04\/fem-festa-del-canvi-03.jpg\" alt=\"Festa del Canvi\" onclick=\"femLb(this)\">\n      <img decoding=\"async\" src=\"https:\/\/femsantandreu.cat\/wp-content\/uploads\/2026\/04\/fem-festa-del-canvi-02.jpg\" alt=\"Festa del Canvi\" onclick=\"femLb(this)\">\n      <img decoding=\"async\" src=\"https:\/\/femsantandreu.cat\/wp-content\/uploads\/2026\/04\/fem-festa-del-canvi-01.jpg\" alt=\"Festa del Canvi\" onclick=\"femLb(this)\">\n      \n    <\/div>\n\n    <div class=\"fem-festa-cos\">\n      <div class=\"fem-festa-data\">\n        <h3>Dissabte 16 de Maig<\/h3>\n        <div class=\"fem-lloc\">Al Parc Central<\/div>\n      <\/div>\n      <p class=\"fem-festa-subtitol\">Celebra amb nosaltres el canvi que est\u00e0 vivint la ciutat!<\/p>\n\n      <ul class=\"fem-festa-programa\">\n        <li>\u00c0rea de jocs infantils a partir de les 17.00 h<\/li>\n        <li>Segona edici\u00f3 dels premis Jordi Cazorla a les 20.30 h<\/li>\n        <li>Sopar a la fresca i servei de barra<\/li>\n        <li>Ambientaci\u00f3 musical<\/li>\n      <\/ul>\n\n      <p class=\"fem-festa-tel\">M\u00e9s informaci\u00f3 al tel\u00e8fon <strong>647 44 02 27<\/strong><\/p>\n    <\/div>\n\n    <div class=\"fem-festa-peu\">\n      <a href=\"https:\/\/femsantandreu.cat\" class=\"fem-btn-cta\" target=\"_blank\" rel=\"noopener\">\n        Coneix el projecte de ciutat de FEM Sant Andreu\n      <\/a>\n      <a href=\"https:\/\/wa.me\/34647440227\" class=\"fem-btn-cta secundari\" target=\"_blank\" rel=\"noopener\">\n        Suma&#8217;t i forma part del canvi\n      <\/a>\n    <\/div>\n  <\/div>\n\n<\/div><!-- fi .fem-revista -->\n\n<script>\n(function() {\n  function femToggle(id, btn) {\n    var panells = document.querySelectorAll('.fem-panel');\n    var btns    = document.querySelectorAll('.fem-titular-btn');\n    var panel   = document.getElementById('fem-' + id);\n    var isOpen  = panel.classList.contains('visible');\n\n    panells.forEach(function(p) { p.classList.remove('visible'); });\n    btns.forEach(function(b)    { b.classList.remove('actiu');   });\n\n    if (!isOpen) {\n      panel.classList.add('visible');\n      btn.classList.add('actiu');\n      setTimeout(function() {\n        panel.scrollIntoView({ behavior: 'smooth', block: 'start' });\n      }, 50);\n    }\n  }\n\n  function femTancar(id) {\n    document.getElementById('fem-' + id).classList.remove('visible');\n    document.querySelectorAll('.fem-titular-btn').forEach(function(b) {\n      b.classList.remove('actiu');\n    });\n  }\n\n  function femLb(img) {\n    document.getElementById('fem-lb-img').src = img.src;\n    document.getElementById('fem-lightbox').classList.add('visible');\n    document.body.style.overflow = 'hidden';\n  }\n\n  function femLbTancar() {\n    document.getElementById('fem-lightbox').classList.remove('visible');\n    document.body.style.overflow = '';\n  }\n\n  document.addEventListener('keydown', function(e) {\n    if (e.key === 'Escape') femLbTancar();\n  });\n\n  window.femToggle  = femToggle;\n  window.femTancar  = femTancar;\n  window.femLb      = femLb;\n  window.femLbTancar = femLbTancar;\n})();\n<\/script>\n\n<\/body>\n<\/html>\n\n\n\n<p><\/p>\n<!-- AddThis Advanced Settings generic via filter on the_content --><!-- AddThis Share Buttons generic via filter on the_content -->","protected":false},"excerpt":{"rendered":"<p>Butllet\u00ed Interactiu &#8211; FEM Sant Andreu FEM NOUS PARCS INFANTILS FEM LA CIUTAT DE LA INF\u00c0NCIA Descobreix com: POSEM ELS DINERSAL CARRER RENOVEM EQUIPAMENTSI INSTAL\u00b7LACIONS REFORCEM EL MANTENIMENTDE LES VORERES MANTENIM LA SEGURETATDE LA CIUTAT Posem els diners al carrer \u2715 Renovem 14 parcs infantils per renovar la il\u00b7lusi\u00f3 d&#8217;infants [&hellip;]<!-- AddThis Advanced Settings generic via filter on get_the_excerpt --><!-- AddThis Share Buttons generic via filter on get_the_excerpt --><\/p>\n","protected":false},"author":3,"featured_media":17944,"comment_status":"open","ping_status":"closed","sticky":false,"template":"","format":"standard","meta":{"_eb_attr":"","_monsterinsights_skip_tracking":false,"_monsterinsights_sitenote_active":false,"_monsterinsights_sitenote_note":"","_monsterinsights_sitenote_category":0,"_uf_show_specific_survey":0,"_uf_disable_surveys":false,"ngg_post_thumbnail":0,"footnotes":"","_links_to":"","_links_to_target":""},"categories":[5],"tags":[],"class_list":["post-17951","post","type-post","status-publish","format-standard","has-post-thumbnail","hentry","category-noticies"],"aioseo_notices":[],"_links":{"self":[{"href":"https:\/\/femsantandreu.cat\/index.php\/wp-json\/wp\/v2\/posts\/17951","targetHints":{"allow":["GET"]}}],"collection":[{"href":"https:\/\/femsantandreu.cat\/index.php\/wp-json\/wp\/v2\/posts"}],"about":[{"href":"https:\/\/femsantandreu.cat\/index.php\/wp-json\/wp\/v2\/types\/post"}],"author":[{"embeddable":true,"href":"https:\/\/femsantandreu.cat\/index.php\/wp-json\/wp\/v2\/users\/3"}],"replies":[{"embeddable":true,"href":"https:\/\/femsantandreu.cat\/index.php\/wp-json\/wp\/v2\/comments?post=17951"}],"version-history":[{"count":9,"href":"https:\/\/femsantandreu.cat\/index.php\/wp-json\/wp\/v2\/posts\/17951\/revisions"}],"predecessor-version":[{"id":18304,"href":"https:\/\/femsantandreu.cat\/index.php\/wp-json\/wp\/v2\/posts\/17951\/revisions\/18304"}],"wp:featuredmedia":[{"embeddable":true,"href":"https:\/\/femsantandreu.cat\/index.php\/wp-json\/wp\/v2\/media\/17944"}],"wp:attachment":[{"href":"https:\/\/femsantandreu.cat\/index.php\/wp-json\/wp\/v2\/media?parent=17951"}],"wp:term":[{"taxonomy":"category","embeddable":true,"href":"https:\/\/femsantandreu.cat\/index.php\/wp-json\/wp\/v2\/categories?post=17951"},{"taxonomy":"post_tag","embeddable":true,"href":"https:\/\/femsantandreu.cat\/index.php\/wp-json\/wp\/v2\/tags?post=17951"}],"curies":[{"name":"wp","href":"https:\/\/api.w.org\/{rel}","templated":true}]}}